{"id":2041,"date":"2025-02-11T11:03:16","date_gmt":"2025-02-11T11:03:16","guid":{"rendered":"https:\/\/europaskolos.lt\/index.php\/2025\/02\/11\/konkurencijos-darbo-rinkoje-itaka-darbo-uzmokescio-nelygybei\/"},"modified":"2025-02-11T11:03:16","modified_gmt":"2025-02-11T11:03:16","slug":"konkurencijos-darbo-rinkoje-itaka-darbo-uzmokescio-nelygybei","status":"publish","type":"post","link":"https:\/\/europaskolos.lt\/index.php\/2025\/02\/11\/konkurencijos-darbo-rinkoje-itaka-darbo-uzmokescio-nelygybei\/","title":{"rendered":"Konkurencijos darbo rinkoje \u012ftaka darbo u\u017emokes\u010dio nelygybei"},"content":{"rendered":"<p> <br \/>\n<\/p>\n<div>\n<div class=\"item_summary\">\n<p>Konkurencija darbo rinkoje yra tiesiogiai susijusi su darbo u\u017emokes\u010dio nelygybe. Darbdaviams tarpusavyje aktyviau konkuruojant d\u0117l darbuotoj\u0173, pastar\u0173j\u0173 pozicijos darbo rinkoje stipr\u0117ja, o tai ma\u017eina jiems mokamo darbo u\u017emokes\u010dio skirtumus.<\/p>\n<\/p><\/div>\n<p>Tokia i\u0161vada daroma Lietuvos banko tyr\u0117jo Jose Garcia-Louzao ir Ispanijos CUNEF universiteto docento Alessandro Ruggieri straipsnyje \u201eCompetition among firms in the labor market and the dynamics of wage inequality\u201c, paskelbtame Ekonomin\u0117s politikos tyrim\u0173 centro (Centre for Economic Policy Research, CEPR) tarptautiniame portale VoxEU.<\/p>\n<p>Straipsnyje nagrin\u0117jamas \u012fmoni\u0173 ir darbuotoj\u0173 ind\u0117lis \u012f darbo u\u017emokes\u010dio nelygyb\u0117s dinamik\u0105. Tyr\u0117j\u0173 surinkti duomenys rodo, kad darbo u\u017emokes\u010dio nelygyb\u0119 i\u0161 dalies lemia rinkos tr\u016bkumai, pavyzd\u017eiui, darbdavio rinkos galia. Tod\u0117l darbuotoj\u0173 pad\u0117ties darbo rinkoje stiprinimas gali pad\u0117ti suma\u017einti darbo u\u017emokes\u010dio skirtumus ir padidinti bendr\u0105 gerov\u0119.<\/p>\n<p>\u012emoni\u0173 \u012ftak\u0105 darbo u\u017emokes\u010dio nelygyb\u0117s poky\u010diams akivaizd\u017eiai matome Lietuvoje. M\u016bs\u0173 \u0161alyje darbo u\u017emokes\u010dio nelygyb\u0117 nuo 2000 iki 2020 m. suma\u017e\u0117jo 17 proc., o t\u0105 labiausiai l\u0117m\u0117 darbuotojams palank\u016bs poky\u010diai darbo rinkoje.<\/p>\n<p><\/p>\n<p>Anot tyr\u0117j\u0173, per du de\u0161imtme\u010dius konkurencija Lietuvos darbo rinkoje tarp \u012fmoni\u0173 labai padid\u0117jo. Tam \u012ftakos tur\u0117jo ir Lietuvos naryst\u0117 Europos S\u0105jungoje (ES) \u2013 tik\u0117tina, kad po 2004 m. atsiv\u0117rusios ES darbo rinkos padidino konkurencij\u0105 tarp Lietuvos \u012fmoni\u0173 d\u0117l darbuotoj\u0173, nes atsirado nauj\u0173 darbo galimybi\u0173 u\u017esienyje.<\/p>\n<p>J. Garcia-Louzao ir A. Ruggieri straipsnis parengtas remiantis ankstesniu Lietuvos banko skelbtu tyrimu, kuriame panaudoti Valstybinio socialinio draudimo fondo valdybos (\u201eSodra\u201c) mikroduomenys.<\/p>\n<p>Portalas VoxEU skelbia lyderiaujan\u010di\u0173 pasaulio ekonomist\u0173 komentarus, kuriais siekiam populiarinti moksliniais tyrimais pagr\u012fst\u0105 politikos analiz\u0119.<\/p>\n<\/p><\/div>\n<p><script>\n    !function(f,b,e,v,n,t,s){if(f.fbq)return;n=f.fbq=function(){n.callMethod?\n            n.callMethod.apply(n,arguments):n.queue.push(arguments)};if(!f._fbq)f._fbq=n;\n            n.push=n;n.loaded=!0;n.version='2.0';n.queue=();t=b.createElement(e);t.async=!0;\n            t.src=v;s=b.getElementsByTagName(e)(0);s.parentNode.insertBefore(t,s)}(window,\n        document,'script','https:\/\/connect.facebook.net\/en_US\/fbevents.js');\n    fbq('init', '449445692451263'); \/\/ Insert your pixel ID here.\n    fbq('track', 'PageView');\n<\/script><br \/>\n<br \/><br \/>\n<br \/><a href=\"https:\/\/www.lb.lt\/lt\/naujienos\/konkurencijos-darbo-rinkoje-itaka-darbo-uzmokescio-nelygybei\">Source link <\/a><\/p>\n","protected":false},"excerpt":{"rendered":"<p>Konkurencija darbo rinkoje yra tiesiogiai susijusi su darbo u\u017emokes\u010dio nelygybe. Darbdaviams tarpusavyje aktyviau konkuruojant d\u0117l darbuotoj\u0173, pastar\u0173j\u0173 pozicijos darbo rinkoje stipr\u0117ja, o tai ma\u017eina jiems mokamo darbo u\u017emokes\u010dio skirtumus. Tokia i\u0161vada daroma Lietuvos banko tyr\u0117jo Jose Garcia-Louzao ir Ispanijos CUNEF universiteto docento Alessandro Ruggieri straipsnyje \u201eCompetition among firms in the labor market and the dynamics [&hellip;]<\/p>\n","protected":false},"author":1,"featured_media":2042,"comment_status":"","ping_status":"","sticky":false,"template":"","format":"standard","meta":{"om_disable_all_campaigns":false,"_monsterinsights_skip_tracking":false,"_monsterinsights_sitenote_active":false,"_monsterinsights_sitenote_note":"","_monsterinsights_sitenote_category":0,"footnotes":""},"categories":[861],"tags":[138,684,2594,3554,426,889],"class_list":["post-2041","post","type-post","status-publish","format-standard","has-post-thumbnail","hentry","category-salies-naujienos","tag-darbo","tag-itaka","tag-konkurencijos","tag-nelygybei","tag-rinkoje","tag-uzmokescio"],"aioseo_notices":[],"_links":{"self":[{"href":"https:\/\/europaskolos.lt\/index.php\/wp-json\/wp\/v2\/posts\/2041","targetHints":{"allow":["GET"]}}],"collection":[{"href":"https:\/\/europaskolos.lt\/index.php\/wp-json\/wp\/v2\/posts"}],"about":[{"href":"https:\/\/europaskolos.lt\/index.php\/wp-json\/wp\/v2\/types\/post"}],"author":[{"embeddable":true,"href":"https:\/\/europaskolos.lt\/index.php\/wp-json\/wp\/v2\/users\/1"}],"replies":[{"embeddable":true,"href":"https:\/\/europaskolos.lt\/index.php\/wp-json\/wp\/v2\/comments?post=2041"}],"version-history":[{"count":0,"href":"https:\/\/europaskolos.lt\/index.php\/wp-json\/wp\/v2\/posts\/2041\/revisions"}],"wp:featuredmedia":[{"embeddable":true,"href":"https:\/\/europaskolos.lt\/index.php\/wp-json\/wp\/v2\/media\/2042"}],"wp:attachment":[{"href":"https:\/\/europaskolos.lt\/index.php\/wp-json\/wp\/v2\/media?parent=2041"}],"wp:term":[{"taxonomy":"category","embeddable":true,"href":"https:\/\/europaskolos.lt\/index.php\/wp-json\/wp\/v2\/categories?post=2041"},{"taxonomy":"post_tag","embeddable":true,"href":"https:\/\/europaskolos.lt\/index.php\/wp-json\/wp\/v2\/tags?post=2041"}],"curies":[{"name":"wp","href":"https:\/\/api.w.org\/{rel}","templated":true}]}}