{"id":2108,"date":"2025-02-16T06:15:44","date_gmt":"2025-02-16T06:15:44","guid":{"rendered":"https:\/\/europaskolos.lt\/index.php\/2025\/02\/16\/openai-whistleblower-mirtis-laike-savizudybe-naujoje-skrodimo-ataskaitoje\/"},"modified":"2025-02-16T06:15:44","modified_gmt":"2025-02-16T06:15:44","slug":"openai-whistleblower-mirtis-laike-savizudybe-naujoje-skrodimo-ataskaitoje","status":"publish","type":"post","link":"https:\/\/europaskolos.lt\/index.php\/2025\/02\/16\/openai-whistleblower-mirtis-laike-savizudybe-naujoje-skrodimo-ataskaitoje\/","title":{"rendered":"\u201eOpenai Whistleblower\u201c mirtis laik\u0117 savi\u017eudyb\u0119 naujoje skrodimo ataskaitoje"},"content":{"rendered":"<p> <br \/>\n<\/p>\n<div>\n<p id=\"speakable-summary\" class=\"wp-block-paragraph\">Suchir Balaji, buv\u0119s \u201eOpenai\u201c darbuotojas, buvo rastas negyvas savo San Francisko bute lapkri\u010dio 26 d.; Penktadien\u012f miesto medicinos ekspertas nutar\u0117 jo mirt\u012f savi\u017eudybe, prie\u0161taraudamas jo \u0161eimos \u012ftarimams, kurie internete paskatino pla\u010diai paplitusius spekuliacijas.<\/p>\n<p class=\"wp-block-paragraph\">\u201eBalaji\u201c antra\u0161tes suk\u016br\u0117 spal\u012f, kai apkaltino \u201eOpenai\u201c neteis\u0117tai naudoti autori\u0173 teisi\u0173 saugom\u0105 med\u017eiag\u0105 savo AI modeliams mokyti. Jis vie\u0161ai pasidalino savo susir\u016bpinimu ir pateik\u0117 informacij\u0105 \u201eNew York Times\u201c, kuri v\u0117liau laikra\u0161\u010dio ie\u0161kinyje \u201eOpenai\u201c pavadino j\u012f pagrindine veik\u0117ja su \u201eunikaliais ir svarbiais dokumentais\u201c. Jo aprei\u0161kimai atsirado d\u0117l vis daugiau leid\u0117j\u0173 ir meninink\u0173, kurie pad\u0117jo kreiptis \u012f teism\u0105 d\u0117l tariamo autori\u0173 teisi\u0173 pa\u017eeidimo.<\/p>\n<p class=\"wp-block-paragraph\">Likus kelioms dienoms iki mirties, Balaji, pasak jo t\u0117v\u0173, buvo auk\u0161ta nuotaika, \u0161v\u0119sdama savo 26 -\u0105j\u012f gimtadien\u012f ir planuodamas ne pelno siekian\u010di\u0105 ma\u0161in\u0173 mokym\u0105si. Staigus jo praeinantis fig\u016br\u0173, toki\u0173 kaip Elonas Muskas ir Tuckeris Carlsonas, d\u0117mes\u012f, o kongresmenas Ro Khanna paragino atlikti \u201epiln\u0105 ir skaidr\u0173 tyrim\u0105\u201c.<\/p>\n<p class=\"wp-block-paragraph\">I\u0161 tikr\u0173j\u0173 Balaji mirtis-d\u0117l San Fransisko apygardos medicinos eksperto prane\u0161imo apie save patiriam\u0105 \u0161autuv\u0105-tapo pagrindine diskusij\u0173 ta\u0161ku d\u0117l AI etikos, \u012fmoni\u0173 atskaitomyb\u0117s ir pavoj\u0173, su kuriais susiduria informatoriai Silicio sl\u0117nyje. Dabar dar reikia i\u0161siai\u0161kinti, ar \u0161ie dalykai nei\u0161siskiria.<\/p>\n<\/div>\n<p><br \/>\n<br \/><a href=\"https:\/\/techcrunch.com\/2025\/02\/15\/death-of-openai-whistleblower-deemed-suicide-in-new-autopsy-report\/\">Source link <\/a><\/p>\n","protected":false},"excerpt":{"rendered":"<p>Suchir Balaji, buv\u0119s \u201eOpenai\u201c darbuotojas, buvo rastas negyvas savo San Francisko bute lapkri\u010dio 26 d.; Penktadien\u012f miesto medicinos ekspertas nutar\u0117 jo mirt\u012f savi\u017eudybe, prie\u0161taraudamas jo \u0161eimos \u012ftarimams, kurie internete paskatino pla\u010diai paplitusius spekuliacijas. \u201eBalaji\u201c antra\u0161tes suk\u016br\u0117 spal\u012f, kai apkaltino \u201eOpenai\u201c neteis\u0117tai naudoti autori\u0173 teisi\u0173 saugom\u0105 med\u017eiag\u0105 savo AI modeliams mokyti. Jis vie\u0161ai pasidalino savo susir\u016bpinimu [&hellip;]<\/p>\n","protected":false},"author":1,"featured_media":2109,"comment_status":"","ping_status":"","sticky":false,"template":"","format":"standard","meta":{"om_disable_all_campaigns":false,"_monsterinsights_skip_tracking":false,"_monsterinsights_sitenote_active":false,"_monsterinsights_sitenote_note":"","_monsterinsights_sitenote_category":0,"footnotes":""},"categories":[5],"tags":[3635,3632,3162,1509,589,3633,3634,3631],"class_list":["post-2108","post","type-post","status-publish","format-standard","has-post-thumbnail","hentry","category-technologijos-programine-iranga-prietaisai","tag-ataskaitoje","tag-laike","tag-mirtis","tag-naujoje","tag-openai","tag-savizudybe","tag-skrodimo","tag-whistleblower"],"aioseo_notices":[],"_links":{"self":[{"href":"https:\/\/europaskolos.lt\/index.php\/wp-json\/wp\/v2\/posts\/2108","targetHints":{"allow":["GET"]}}],"collection":[{"href":"https:\/\/europaskolos.lt\/index.php\/wp-json\/wp\/v2\/posts"}],"about":[{"href":"https:\/\/europaskolos.lt\/index.php\/wp-json\/wp\/v2\/types\/post"}],"author":[{"embeddable":true,"href":"https:\/\/europaskolos.lt\/index.php\/wp-json\/wp\/v2\/users\/1"}],"replies":[{"embeddable":true,"href":"https:\/\/europaskolos.lt\/index.php\/wp-json\/wp\/v2\/comments?post=2108"}],"version-history":[{"count":0,"href":"https:\/\/europaskolos.lt\/index.php\/wp-json\/wp\/v2\/posts\/2108\/revisions"}],"wp:featuredmedia":[{"embeddable":true,"href":"https:\/\/europaskolos.lt\/index.php\/wp-json\/wp\/v2\/media\/2109"}],"wp:attachment":[{"href":"https:\/\/europaskolos.lt\/index.php\/wp-json\/wp\/v2\/media?parent=2108"}],"wp:term":[{"taxonomy":"category","embeddable":true,"href":"https:\/\/europaskolos.lt\/index.php\/wp-json\/wp\/v2\/categories?post=2108"},{"taxonomy":"post_tag","embeddable":true,"href":"https:\/\/europaskolos.lt\/index.php\/wp-json\/wp\/v2\/tags?post=2108"}],"curies":[{"name":"wp","href":"https:\/\/api.w.org\/{rel}","templated":true}]}}