{"id":2220,"date":"2025-05-05T19:41:37","date_gmt":"2025-05-05T19:41:37","guid":{"rendered":"https:\/\/europaskolos.lt\/index.php\/2025\/05\/05\/fed-nustate-kad-ikainiai-butu-stabilus-nepaisant-trumpo-spaudimo\/"},"modified":"2025-05-05T19:41:37","modified_gmt":"2025-05-05T19:41:37","slug":"fed-nustate-kad-ikainiai-butu-stabilus-nepaisant-trumpo-spaudimo","status":"publish","type":"post","link":"https:\/\/europaskolos.lt\/index.php\/2025\/05\/05\/fed-nustate-kad-ikainiai-butu-stabilus-nepaisant-trumpo-spaudimo\/","title":{"rendered":"Fed nustat\u0117, kad \u012fkainiai b\u016bt\u0173 stabil\u016bs, nepaisant Trumpo spaudimo"},"content":{"rendered":"<p><\/p>\n<div>\n<p>Prezidentas Trumpas teig\u0117, kad nepaisys federalini\u0173 rezerv\u0173 pirmininko Powello, ta\u010diau spaudimas ma\u017einti tarifus t\u0119siasi. Ta\u010diau rinka vis dar la\u017einasi, kad centrinis bankas laikysis tvirtai ir paliks savo tikslin\u0119 norm\u0105 stabiliai tre\u010diadienio prane\u0161ime apie politik\u0105.<\/p>\n<p>Televizijos interviu sekmadien\u012f prezidentas teig\u0117, kad tikisi, jog Fed suma\u017eins \u012fkainius. \u201eNa, jis tur\u0117t\u0173 juos nuleisti. Ir tam tikru momentu jis tai padarys\u201c, &#8211; samprotavo Trumpas. \u201eJis ver\u010diau ne tod\u0117l, kad n\u0117ra mano gerb\u0117jas. \u017dinai, jis tiesiog nem\u0117gsta man\u0119s, nes manau, kad jis yra visi\u0161kai tvirtas\u201c, &#8211; patar\u0117 jis komentaruose, kurie buvo u\u017eklijuoti penktadien\u012f.<\/p>\n<p>\u201eFed Fund\u201c ateities sandoriai \u0161\u012f ryt\u0105 kainuoja beveik tikimybe, kad 4,25% nuo iki 4,50% diapazonas liks nepa\u017eeistas tre\u010diadien\u012f (gegu\u017e\u0117s 7 d.) Politikos pos\u0117dyje.<\/p>\n<p>Penktadienio geresnis nei tikimasi, kad baland\u017eio m\u0117n. Padid\u0117s JAV darbo u\u017emokes\u010dio atstovai, teikia param\u0105 nepersivaizduojamoms perspektyvoms. Nors ekonomistai suma\u017eino ekonomin\u0119 perspektyv\u0105 d\u0117l Trumpo tarif\u0173, darbo rinka vis dar atrodo gana atspari. Kyla klausimas, ar tvirtas \u012fdarbinimas ateinan\u010diais m\u0117nesiais suma\u017e\u0117s, kai su tarifais susij\u0119s sm\u016bgis bus susij\u0119s su ekonomika?<\/p>\n<p>\u201eMes galime paspartinti nuosmukio susir\u016bpinim\u0105 dar vienu m\u0117nes\u012f. Darbo vieta i\u0161lieka labai dideli, o tai rodo, kad ekonomikoje \u017eaid\u017eiant ekonomik\u0105 buvo \u012fsp\u016bdingas prie\u0161 tarif\u0173 \u0161ok\u0105\u201c, &#8211; teig\u0117 Seema Shah, vyriausioji globalioji strateg\u0117, esanti pagrindinio turto valdymo srityje. \u201eEkonomika ateinan\u010diais m\u0117nesiais susilpn\u0117s, ta\u010diau, atsi\u017evelgiant \u012f tai, kad tai impulsas, JAV turi nema\u017e\u0105 galimyb\u0119 i\u0161vengti nuosmukio, jei ji gali atsitraukti nuo tarif\u0173 ribos.\u201c<\/p>\n<p>Kalbant apie Fed, atrodo, kad tik\u0117tina, kad \u012fkainiai suma\u017eins greit\u012f be skirting\u0173 ekonomini\u0173 problem\u0173 po\u017eymi\u0173, toki\u0173 kaip a\u0161trus \u012fdarbinimo skaidr\u0117.<\/p>\n<p>\u201eTai per daug neai\u0161ki, kad b\u016bt\u0173 prevencin\u0117\u201c (suma\u017einus tarif\u0173 ma\u017einim\u0105), sak\u0117 Ellen Meade, kuri iki 2021 m. Buvo vyresnysis patar\u0117jas Fed valdytoj\u0173 taryboje ir dabar yra Duke universitete. \u201eSuma\u017e\u0117jimo data yra laikas, kai ekonomikos sul\u0117t\u0117jimas, j\u0173 manymu, vir\u0161ija infliacijos vir\u0161\u016bn\u0119\u201c.<\/p>\n<p>Nusprend\u017eiant, ar didesn\u0117 tarif\u0173 rizika yra didesn\u0117 infliacija, ar ma\u017eesnis u\u017eimtumas, prireiks laiko duomenims parodyti. Tuo tarpu \u201eBloomberg Economics\u201c sak\u0117: \u201eMes tikim\u0117s, kad Powellas atsitrauks nuo rinkos kain\u0173 nustatymo ir parodys atnaujint\u0105 kain\u0173 stabilumo prioritet\u0105. Pareig\u016bnai, tokie kaip Richmondas, maitino prezident\u0105 Thomas\u0105 Barkin\u0105 ir Fed Gubernator\u0117 Adriana Kugler i\u0161rei\u0161k\u0117 susir\u016bpinim\u0105, kad infliacijos l\u016bkes\u010diai gali b\u016bti atlaisvinti.\u201c.<\/p>\n<p>Ta\u010diau atrodo, kad JAV 2 met\u0173 i\u017edo pajamingumui jautrus JAV kainos yra didesn\u0117s tikimyb\u0117s, kad \u012fkainiai ma\u017eina grei\u010diau, o ne v\u0117liau.<\/p>\n<figure class=\"wp-block-image size-full\"><\/figure>\n<p>Dviej\u0173 met\u0173 pajamingumas suma\u017e\u0117jo nuo to laiko, kai sausio m\u0117n. Pasiek\u0117 2025 m. Pik\u0105-4,40%. Penktadien\u012f tarifas u\u017edarytas 3,83%, o tai yra \u017eymiai ma\u017eesn\u0117 nei 4,33% vidutin\u0117s Fed fond\u0173 norma. Didesnis neigiamas atotr\u016bkis yra numanoma rinkos prognoz\u0117, kad tarif\u0173 ma\u017einimas yra arti.<\/p>\n<p>Nors Volstryto nuomon\u0117s apie politikos poky\u010dius labai skiriasi, visos akys tre\u010diadienio spaudos konferencijoje kreipsis \u012f Fed pirminink\u0105 Powell\u0105, kad gaut\u0173 nauj\u0173 \u012fkal\u010di\u0173.<\/p>\n<p>Fed gubernatorius Chrisas Walleris neseniai pasi\u016bl\u0117, kad politikos pakeitimai nei\u0161vengiami, i\u0161 dalies d\u0117l 90 dien\u0173 pauz\u0117s d\u0117l abipusi\u0173 tarif\u0173. \u201eNemanau, kad per ateinan\u010dius por\u0105 m\u0117nesi\u0173 pamatysite, kad realiuose duomenyse \u012fvyks pakankamai, kol gausite pra\u0117jusi\u0173 met\u0173 liep\u0105\u201c, &#8211; neseniai patar\u0117 jis.<\/p>\n<hr\/>\n<p style=\"text-align: center;\"><i>Kaip kei\u010diasi nuosmukio rizika? Steb\u0117kite perspektyv\u0105 naudodamiesi prenumerata:<\/i><br \/><span style=\"color: #ff0000;\"><strong>JAV verslo ciklo rizikos ataskaita<\/strong><\/span><\/p>\n<hr\/><\/div>\n<p><a href=\"https:\/\/www.capitalspectator.com\/fed-set-to-keep-rates-steady-despite-pressure-from-trump\/\"> Nuoroda \u012f informacijos \u0161altin\u012f <\/a><\/p>\n","protected":false},"excerpt":{"rendered":"<p>Prezidentas Trumpas teig\u0117, kad nepaisys federalini\u0173 rezerv\u0173 pirmininko Powello, ta\u010diau spaudimas ma\u017einti tarifus t\u0119siasi. Ta\u010diau rinka vis dar la\u017einasi, kad centrinis bankas laikysis tvirtai ir paliks savo tikslin\u0119 norm\u0105 stabiliai tre\u010diadienio prane\u0161ime apie politik\u0105. Televizijos interviu sekmadien\u012f prezidentas teig\u0117, kad tikisi, jog Fed suma\u017eins \u012fkainius. \u201eNa, jis tur\u0117t\u0173 juos nuleisti. Ir tam tikru momentu jis [&hellip;]<\/p>\n","protected":false},"author":1,"featured_media":2221,"comment_status":"","ping_status":"","sticky":false,"template":"","format":"standard","meta":{"om_disable_all_campaigns":false,"_monsterinsights_skip_tracking":false,"_monsterinsights_sitenote_active":false,"_monsterinsights_sitenote_note":"","_monsterinsights_sitenote_category":0,"footnotes":""},"categories":[3],"tags":[2308,427,3797,24,1105,3796,3798,3666,564],"class_list":["post-2220","post","type-post","status-publish","format-standard","has-post-thumbnail","hentry","category-ekonomika-finansai-bankininkyste","tag-butu","tag-fed","tag-ikainiai","tag-kad","tag-nepaisant","tag-nustate","tag-spaudimo","tag-stabilus","tag-trumpo"],"aioseo_notices":[],"_links":{"self":[{"href":"https:\/\/europaskolos.lt\/index.php\/wp-json\/wp\/v2\/posts\/2220","targetHints":{"allow":["GET"]}}],"collection":[{"href":"https:\/\/europaskolos.lt\/index.php\/wp-json\/wp\/v2\/posts"}],"about":[{"href":"https:\/\/europaskolos.lt\/index.php\/wp-json\/wp\/v2\/types\/post"}],"author":[{"embeddable":true,"href":"https:\/\/europaskolos.lt\/index.php\/wp-json\/wp\/v2\/users\/1"}],"replies":[{"embeddable":true,"href":"https:\/\/europaskolos.lt\/index.php\/wp-json\/wp\/v2\/comments?post=2220"}],"version-history":[{"count":0,"href":"https:\/\/europaskolos.lt\/index.php\/wp-json\/wp\/v2\/posts\/2220\/revisions"}],"wp:featuredmedia":[{"embeddable":true,"href":"https:\/\/europaskolos.lt\/index.php\/wp-json\/wp\/v2\/media\/2221"}],"wp:attachment":[{"href":"https:\/\/europaskolos.lt\/index.php\/wp-json\/wp\/v2\/media?parent=2220"}],"wp:term":[{"taxonomy":"category","embeddable":true,"href":"https:\/\/europaskolos.lt\/index.php\/wp-json\/wp\/v2\/categories?post=2220"},{"taxonomy":"post_tag","embeddable":true,"href":"https:\/\/europaskolos.lt\/index.php\/wp-json\/wp\/v2\/tags?post=2220"}],"curies":[{"name":"wp","href":"https:\/\/api.w.org\/{rel}","templated":true}]}}