{"id":294,"date":"2024-08-17T21:17:12","date_gmt":"2024-08-17T21:17:12","guid":{"rendered":"https:\/\/europaskolos.lt\/index.php\/2024\/08\/17\/palantir-generalinis-direktorius-alexas-karpas-neketina-atsiprasyti-uz-karini-darba\/"},"modified":"2024-08-17T21:17:12","modified_gmt":"2024-08-17T21:17:12","slug":"palantir-generalinis-direktorius-alexas-karpas-neketina-atsiprasyti-uz-karini-darba","status":"publish","type":"post","link":"https:\/\/europaskolos.lt\/index.php\/2024\/08\/17\/palantir-generalinis-direktorius-alexas-karpas-neketina-atsiprasyti-uz-karini-darba\/","title":{"rendered":"\u201ePalantir\u201c generalinis direktorius Alexas Karpas \u201eneketina atsipra\u0161yti\u201c u\u017e karin\u012f darb\u0105"},"content":{"rendered":"<p> <br \/>\n<\/p>\n<div>\n<p id=\"speakable-summary\" class=\"wp-block-paragraph\">Duomen\u0173 analiz\u0117s \u012fmon\u0117 \u201ePalantir\u201c sulauk\u0117 kritikos ir <a href=\"https:\/\/techcrunch.com\/2017\/01\/18\/tech-employees-protest-in-front-of-palantir-hq-over-fears-it-will-build-trumps-muslim-registry\/\">net protestuoja<\/a> d\u0117l jos darbo su kariuomene, policija ir JAV imigracijos ir muitin\u0117s tarnyba, ta\u010diau vienas i\u0161 \u012fk\u016br\u0117j\u0173 ir generalinis direktorius Alexas Karpas nesidomi \u201eatsipra\u0161ymo \u0161ou\u201c.<\/p>\n<p class=\"wp-block-paragraph\">\u012e <a rel=\"nofollow\" href=\"https:\/\/www.nytimes.com\/2024\/08\/17\/style\/alex-karp-palantir.html\">ilgas New York Times profilis<\/a>Karpas sak\u0117 Maureen Dowd, kad bendrov\u0117 laikosi \u201enuosekliai provakarieti\u0161ko po\u017ei\u016brio\u201c ir kad jos kritikai \u201emano, kad tur\u0117tume nuraminti Iran\u0105, Rusij\u0105 ir Kinij\u0105\u201c.<\/p>\n<p class=\"wp-block-paragraph\">\u201eNesiruo\u0161iu atsipra\u0161yti u\u017e tai, kad gyniau JAV vyriausyb\u0119 pasienyje, gyniau speciali\u0105sias paj\u0117gas, parsive\u017eiau \u017emones namo\u201c, \u2013 sak\u0117 jis. \u201eNeatsipra\u0161au, kad perdaviau savo produkt\u0105 Ukrainai, Izraeliui ar daugybei kit\u0173 viet\u0173.<\/p>\n<p class=\"wp-block-paragraph\">Karpas neduoda daug interviu, tod\u0117l \u012fdomu matyti, kaip jis taip pla\u010diai kalba apie visk\u0105, susijusi\u0105 su savo politin\u0117mis pa\u017ei\u016bromis (kurias jis apib\u016bdina kaip \u201epa\u017eangi\u0105, bet nepabudusi\u0105\u201c), draugyst\u0119 su \u201ePalantir\u201c \u012fk\u016br\u0117ju Peteriu Thieliu ir pasimatym\u0173 nuostatas. .<\/p>\n<p class=\"wp-block-paragraph\">Ta\u010diau apie Palantiro k\u016bryb\u0105 jis nori pasakyti tik tiek. Paklaustas, ar kompanija prisid\u0117jo prie Osamos bin Ladeno buvimo vietos, Karpas atkirto ir paai\u0161kino: \u201eJei turite reputacij\u0105, kad kalbate apie tai, k\u0105 sako popie\u017eius susitik\u0119s su juo, j\u016bs niekada daugiau su juo nesusitiksite.<\/p>\n<\/div>\n<p><br \/>\n<br \/><a href=\"https:\/\/techcrunch.com\/2024\/08\/17\/palantir-ceo-alex-karp-is-not-going-to-apologize-for-military-work\/\">Source link <\/a><\/p>\n","protected":false},"excerpt":{"rendered":"<p>Duomen\u0173 analiz\u0117s \u012fmon\u0117 \u201ePalantir\u201c sulauk\u0117 kritikos ir net protestuoja d\u0117l jos darbo su kariuomene, policija ir JAV imigracijos ir muitin\u0117s tarnyba, ta\u010diau vienas i\u0161 \u012fk\u016br\u0117j\u0173 ir generalinis direktorius Alexas Karpas nesidomi \u201eatsipra\u0161ymo \u0161ou\u201c. \u012e ilgas New York Times profilisKarpas sak\u0117 Maureen Dowd, kad bendrov\u0117 laikosi \u201enuosekliai provakarieti\u0161ko po\u017ei\u016brio\u201c ir kad jos kritikai \u201emano, kad tur\u0117tume [&hellip;]<\/p>\n","protected":false},"author":1,"featured_media":295,"comment_status":"open","ping_status":"open","sticky":false,"template":"","format":"standard","meta":{"om_disable_all_campaigns":false,"_monsterinsights_skip_tracking":false,"_monsterinsights_sitenote_active":false,"_monsterinsights_sitenote_note":"","_monsterinsights_sitenote_category":0,"footnotes":""},"categories":[5],"tags":[],"class_list":["post-294","post","type-post","status-publish","format-standard","has-post-thumbnail","hentry","category-technologijos-programine-iranga-prietaisai"],"aioseo_notices":[],"_links":{"self":[{"href":"https:\/\/europaskolos.lt\/index.php\/wp-json\/wp\/v2\/posts\/294","targetHints":{"allow":["GET"]}}],"collection":[{"href":"https:\/\/europaskolos.lt\/index.php\/wp-json\/wp\/v2\/posts"}],"about":[{"href":"https:\/\/europaskolos.lt\/index.php\/wp-json\/wp\/v2\/types\/post"}],"author":[{"embeddable":true,"href":"https:\/\/europaskolos.lt\/index.php\/wp-json\/wp\/v2\/users\/1"}],"replies":[{"embeddable":true,"href":"https:\/\/europaskolos.lt\/index.php\/wp-json\/wp\/v2\/comments?post=294"}],"version-history":[{"count":0,"href":"https:\/\/europaskolos.lt\/index.php\/wp-json\/wp\/v2\/posts\/294\/revisions"}],"wp:featuredmedia":[{"embeddable":true,"href":"https:\/\/europaskolos.lt\/index.php\/wp-json\/wp\/v2\/media\/295"}],"wp:attachment":[{"href":"https:\/\/europaskolos.lt\/index.php\/wp-json\/wp\/v2\/media?parent=294"}],"wp:term":[{"taxonomy":"category","embeddable":true,"href":"https:\/\/europaskolos.lt\/index.php\/wp-json\/wp\/v2\/categories?post=294"},{"taxonomy":"post_tag","embeddable":true,"href":"https:\/\/europaskolos.lt\/index.php\/wp-json\/wp\/v2\/tags?post=294"}],"curies":[{"name":"wp","href":"https:\/\/api.w.org\/{rel}","templated":true}]}}