{"id":475,"date":"2024-09-13T17:04:33","date_gmt":"2024-09-13T17:04:33","guid":{"rendered":"https:\/\/europaskolos.lt\/index.php\/2024\/09\/13\/justinas-timberlakeas-prisipazista-esas-kaltas-del-sutrikusio-vairavimo-po-dwi-aresto\/"},"modified":"2024-09-13T17:04:33","modified_gmt":"2024-09-13T17:04:33","slug":"justinas-timberlakeas-prisipazista-esas-kaltas-del-sutrikusio-vairavimo-po-dwi-aresto","status":"publish","type":"post","link":"https:\/\/europaskolos.lt\/index.php\/2024\/09\/13\/justinas-timberlakeas-prisipazista-esas-kaltas-del-sutrikusio-vairavimo-po-dwi-aresto\/","title":{"rendered":"Justinas Timberlake&#8217;as prisipa\u017e\u012fsta es\u0105s kaltas d\u0117l sutrikusio vairavimo po DWI are\u0161to"},"content":{"rendered":"<p> <br \/>\n<br \/><\/p>\n<div data-cy=\"article-content\">\n<p>Justinas Timberlake&#8217;as prisipa\u017eino kaltas d\u0117l sutrikusio vairavimo po jo bir\u017eelio m\u0117nes\u012f sulaikymo Niujorke.<\/p>\n<div class=\"paywall\">\n<p>Ketvirtadien\u012f naujien\u0173 agent\u016bra \u201eAssociated Press\u201c prane\u0161\u0117, kad Timberlake&#8217;as susitar\u0117 d\u0117l ma\u017eesnio kaltinimo u\u017e vairavim\u0105 neblaivus.<\/p>\n<p>Timberlake&#8217;as buvo sulaikytas Sag Harbor kaime, rytiniame Long Ailendo gale, bir\u017eelio 18 d., policijai prane\u0161us, kad jis kaimo centre \u012fva\u017eiavo \u012f \u201eStop\u201c \u017eenkl\u0105, i\u0161suko i\u0161 eismo juostos ir i\u0161lipo i\u0161 savo BMW, kvepian\u010dio alkoholiu. 43 met\u0173 Tenesio valstijos gyventojas neprisipa\u017eino kaltu d\u0117l vairavimo i\u0161g\u0117rus.<\/p>\n<\/div>\n<\/div>\n<p><br \/>\n<br \/><a href=\"https:\/\/fortune.com\/2024\/09\/13\/justin-timberlake-pleads-guilty-dwi-drunk-impaired-driving-nyc\/\">Source link <\/a><\/p>\n","protected":false},"excerpt":{"rendered":"<p>Justinas Timberlake&#8217;as prisipa\u017eino kaltas d\u0117l sutrikusio vairavimo po jo bir\u017eelio m\u0117nes\u012f sulaikymo Niujorke. Ketvirtadien\u012f naujien\u0173 agent\u016bra \u201eAssociated Press\u201c prane\u0161\u0117, kad Timberlake&#8217;as susitar\u0117 d\u0117l ma\u017eesnio kaltinimo u\u017e vairavim\u0105 neblaivus. Timberlake&#8217;as buvo sulaikytas Sag Harbor kaime, rytiniame Long Ailendo gale, bir\u017eelio 18 d., policijai prane\u0161us, kad jis kaimo centre \u012fva\u017eiavo \u012f \u201eStop\u201c \u017eenkl\u0105, i\u0161suko i\u0161 eismo juostos [&hellip;]<\/p>\n","protected":false},"author":1,"featured_media":476,"comment_status":"open","ping_status":"open","sticky":false,"template":"","format":"standard","meta":{"om_disable_all_campaigns":false,"_monsterinsights_skip_tracking":false,"_monsterinsights_sitenote_active":false,"_monsterinsights_sitenote_note":"","_monsterinsights_sitenote_category":0,"footnotes":""},"categories":[4],"tags":[380,376,379,374,371,375,373,377,372,378],"class_list":["post-475","post","type-post","status-publish","format-standard","has-post-thumbnail","hentry","category-finansai-ekonomika-bankinis-sektorius","tag-aresto","tag-del","tag-dwi","tag-esas","tag-justinas","tag-kaltas","tag-prisipazista","tag-sutrikusio","tag-timberlakeas","tag-vairavimo"],"aioseo_notices":[],"_links":{"self":[{"href":"https:\/\/europaskolos.lt\/index.php\/wp-json\/wp\/v2\/posts\/475","targetHints":{"allow":["GET"]}}],"collection":[{"href":"https:\/\/europaskolos.lt\/index.php\/wp-json\/wp\/v2\/posts"}],"about":[{"href":"https:\/\/europaskolos.lt\/index.php\/wp-json\/wp\/v2\/types\/post"}],"author":[{"embeddable":true,"href":"https:\/\/europaskolos.lt\/index.php\/wp-json\/wp\/v2\/users\/1"}],"replies":[{"embeddable":true,"href":"https:\/\/europaskolos.lt\/index.php\/wp-json\/wp\/v2\/comments?post=475"}],"version-history":[{"count":0,"href":"https:\/\/europaskolos.lt\/index.php\/wp-json\/wp\/v2\/posts\/475\/revisions"}],"wp:featuredmedia":[{"embeddable":true,"href":"https:\/\/europaskolos.lt\/index.php\/wp-json\/wp\/v2\/media\/476"}],"wp:attachment":[{"href":"https:\/\/europaskolos.lt\/index.php\/wp-json\/wp\/v2\/media?parent=475"}],"wp:term":[{"taxonomy":"category","embeddable":true,"href":"https:\/\/europaskolos.lt\/index.php\/wp-json\/wp\/v2\/categories?post=475"},{"taxonomy":"post_tag","embeddable":true,"href":"https:\/\/europaskolos.lt\/index.php\/wp-json\/wp\/v2\/tags?post=475"}],"curies":[{"name":"wp","href":"https:\/\/api.w.org\/{rel}","templated":true}]}}