{"id":533,"date":"2024-09-21T02:07:40","date_gmt":"2024-09-21T02:07:40","guid":{"rendered":"https:\/\/europaskolos.lt\/index.php\/2024\/09\/21\/elonas-muskas-pagrasino-sec-sankcijomis-uz-neatvykima-i-teisma\/"},"modified":"2024-09-21T02:07:40","modified_gmt":"2024-09-21T02:07:40","slug":"elonas-muskas-pagrasino-sec-sankcijomis-uz-neatvykima-i-teisma","status":"publish","type":"post","link":"https:\/\/europaskolos.lt\/index.php\/2024\/09\/21\/elonas-muskas-pagrasino-sec-sankcijomis-uz-neatvykima-i-teisma\/","title":{"rendered":"Elonas Muskas pagrasino SEC sankcijomis u\u017e neatvykim\u0105 \u012f teism\u0105"},"content":{"rendered":"<p> <br \/>\n<\/p>\n<div>\n<p id=\"speakable-summary\" class=\"wp-block-paragraph\">Elonas Muskas, X ir \u012fvairi\u0173 kit\u0173 kompanij\u0173, kuri\u0173 pavadinimuose yra raid\u0117 \u201eX\u201c, generalinis direktorius, \u0161\u012f m\u0117nes\u012f praleid\u0119s parodymus tyrime, susijusiame su Musko \u201eTwitter\u201c per\u0117mimu, atsid\u016br\u0117 reguliuotoj\u0173 taikiklyje. <\/p>\n<p class=\"wp-block-paragraph\">JAV Vertybini\u0173 popieri\u0173 ir bir\u017eos komisija (SEC) parei\u0161k\u0117, kad ketina siekti sankcij\u0173 Muskui po to, kai Muskas rugs\u0117jo 10 d. praleido teismo \u012fsakym\u0105 atvykti \u012f Los And\u017eelo teismo r\u016bmus. Pagal pateikt\u0105 parai\u0161k\u0105 Muskas apie tai neprane\u0161\u0117. SEC, kad jis pasirodys tik likus trims valandoms iki jo parodymo prad\u017eios.<\/p>\n<p class=\"wp-block-paragraph\">\u201eTeismas turi ai\u0161kiai pasakyti, kad Musko \u017eaidimo ir delsimo taktika turi b\u016bti nutraukta\u201c, \u2013 ra\u0161oma parei\u0161kime. <\/p>\n<p class=\"wp-block-paragraph\">Vietoj to Muskas rugs\u0117jo 10 d. praleido pri\u017ei\u016br\u0117damas jo kosmini\u0173 tyrim\u0173 bendrov\u0117s \u201eSpaceX\u201c sukurto erdv\u0117laivio \u201ePolaris Dawn\u201c paleidim\u0105. <\/p>\n<p class=\"wp-block-paragraph\">SEC teisinis patar\u0117jas pasi\u016bl\u0117 Musko pos\u0117d\u012f perkelti \u012f kit\u0105 dien\u0105, rugs\u0117jo 11 d., Ta\u010diau Musko advokatas atsisak\u0117, sutikdamas tik su teismo datomis spalio m\u0117n.<\/p>\n<p class=\"wp-block-paragraph\">SEC siekia \u201eprasmingos s\u0105lygin\u0117s pagalbos\u201c, jei Muskas spal\u012f nepasirodys teisme. Agent\u016bra taip pat prane\u0161\u0117, kad planuoja pateikti pasi\u016blym\u0105 d\u0117l sankcij\u0173 Muskui, kad atlygint\u0173 kelion\u0117s i\u0161laidas u\u017e at\u0161auktus parodymus ir kitas lengvatas. (Parei\u0161kime SEC nurod\u0117, kad i\u0161leido \u201et\u016bkstan\u010dius doleri\u0173\u201c, kad nuskraidint\u0173 tris advokatus \u012f Los And\u017eel\u0105 \u012f rugs\u0117jo 10 d. pos\u0117d\u012f.)<\/p>\n<p class=\"wp-block-paragraph\">Musko teismo \u012fpareigotas pasirodymas kilo d\u0117l SEC tyrimo, kurio metu buvo tiriama, ar milijardierius laik\u0117si \u012fstatym\u0173, atskleisdamas savo \u201eTwitter\u201c akcij\u0173 pirkim\u0105 prie\u0161 2022 m. \u012fsigydamas \u012fmon\u0119 u\u017e 44 mlrd. SEC teigia, kad Muskas lauk\u0117 ma\u017eiausiai 10 dien\u0173 per ilgai, kad atskleist\u0173, jog perka \u201eTwitter\u201c akcijas.<\/p>\n<p class=\"wp-block-paragraph\">Tyrimas yra antras kartas, kai Muskas per pastaruosius metus buvo kontroliuojamas SEC. 2018 m. agent\u016bra nurod\u0117 Muskui pasitraukti i\u0161 \u201eTesla\u201c pirmininko pareig\u0173 ir sumok\u0117ti 40 mln. Tuo metu Muskas kaltinimus suk\u010diavimu pavadino \u201enepateisinamu veiksmu\u201c.<\/p>\n<p class=\"wp-block-paragraph\">SEC taip pat i\u0161tyr\u0117 Musk\u0105 ir \u201eTesla\u201c d\u0117l pretenzij\u0173 d\u0117l \u201eTesla\u201c transporto priemoni\u0173 \u201evisi\u0161ko savaranki\u0161ko vairavimo\u201c galimybi\u0173, taip pat d\u0117l \u200b\u200bto, kad \u201eTesla\u201c panaudojo bendrov\u0117s l\u0117\u0161as Muskui \u201estikliniam namui\u201c pastatyti.<\/p>\n<p class=\"wp-block-paragraph\">Vis\u0105 fail\u0105 galite perskaityti \u017eemiau.<\/p>\n<p class=\"wp-block-paragraph\"><em>Atnaujinta 9\/20 d. 17:48 Ramusis vandenynas: mes i\u0161 prad\u017ei\u0173<\/em> <em>ra\u0161\u0117, kad Muskas nepasirod\u0117 San Francisko teismo sal\u0117je. Teismo sal\u0117 i\u0161 tikr\u0173j\u0173 buvo Los And\u017eele; patais\u0117me ir apgailestaujame d\u0117l klaidos.<\/em><\/p>\n<p class=\"wp-block-paragraph\">SP-TechCrunch BENDRAS PAREI\u0160KIMAS D\u0116L R\u2026<\/p>\n<\/div>\n<p><br \/>\n<br \/><a href=\"https:\/\/techcrunch.com\/2024\/09\/20\/elon-musk-threatened-with-sec-sanctions-for-failing-to-appear-in-court\/\">Source link <\/a><\/p>\n","protected":false},"excerpt":{"rendered":"<p>Elonas Muskas, X ir \u012fvairi\u0173 kit\u0173 kompanij\u0173, kuri\u0173 pavadinimuose yra raid\u0117 \u201eX\u201c, generalinis direktorius, \u0161\u012f m\u0117nes\u012f praleid\u0119s parodymus tyrime, susijusiame su Musko \u201eTwitter\u201c per\u0117mimu, atsid\u016br\u0117 reguliuotoj\u0173 taikiklyje. JAV Vertybini\u0173 popieri\u0173 ir bir\u017eos komisija (SEC) parei\u0161k\u0117, kad ketina siekti sankcij\u0173 Muskui po to, kai Muskas rugs\u0117jo 10 d. praleido teismo \u012fsakym\u0105 atvykti \u012f Los And\u017eelo teismo [&hellip;]<\/p>\n","protected":false},"author":1,"featured_media":534,"comment_status":"open","ping_status":"open","sticky":false,"template":"","format":"standard","meta":{"om_disable_all_campaigns":false,"_monsterinsights_skip_tracking":false,"_monsterinsights_sitenote_active":false,"_monsterinsights_sitenote_note":"","_monsterinsights_sitenote_category":0,"footnotes":""},"categories":[5],"tags":[270,271,541,539,540,294,542,233],"class_list":["post-533","post","type-post","status-publish","format-standard","has-post-thumbnail","hentry","category-technologijos-programine-iranga-prietaisai","tag-elonas","tag-muskas","tag-neatvykima","tag-pagrasino","tag-sankcijomis","tag-sec","tag-teisma","tag-uz"],"aioseo_notices":[],"_links":{"self":[{"href":"https:\/\/europaskolos.lt\/index.php\/wp-json\/wp\/v2\/posts\/533","targetHints":{"allow":["GET"]}}],"collection":[{"href":"https:\/\/europaskolos.lt\/index.php\/wp-json\/wp\/v2\/posts"}],"about":[{"href":"https:\/\/europaskolos.lt\/index.php\/wp-json\/wp\/v2\/types\/post"}],"author":[{"embeddable":true,"href":"https:\/\/europaskolos.lt\/index.php\/wp-json\/wp\/v2\/users\/1"}],"replies":[{"embeddable":true,"href":"https:\/\/europaskolos.lt\/index.php\/wp-json\/wp\/v2\/comments?post=533"}],"version-history":[{"count":0,"href":"https:\/\/europaskolos.lt\/index.php\/wp-json\/wp\/v2\/posts\/533\/revisions"}],"wp:featuredmedia":[{"embeddable":true,"href":"https:\/\/europaskolos.lt\/index.php\/wp-json\/wp\/v2\/media\/534"}],"wp:attachment":[{"href":"https:\/\/europaskolos.lt\/index.php\/wp-json\/wp\/v2\/media?parent=533"}],"wp:term":[{"taxonomy":"category","embeddable":true,"href":"https:\/\/europaskolos.lt\/index.php\/wp-json\/wp\/v2\/categories?post=533"},{"taxonomy":"post_tag","embeddable":true,"href":"https:\/\/europaskolos.lt\/index.php\/wp-json\/wp\/v2\/tags?post=533"}],"curies":[{"name":"wp","href":"https:\/\/api.w.org\/{rel}","templated":true}]}}