{"id":644,"date":"2024-10-01T02:56:05","date_gmt":"2024-10-01T02:56:05","guid":{"rendered":"https:\/\/europaskolos.lt\/index.php\/2024\/10\/01\/meta-nesakys-ar-ji-lavina-dirbtini-intelekta-ismaniuju-akiniu-nuotraukose\/"},"modified":"2024-10-01T02:56:05","modified_gmt":"2024-10-01T02:56:05","slug":"meta-nesakys-ar-ji-lavina-dirbtini-intelekta-ismaniuju-akiniu-nuotraukose","status":"publish","type":"post","link":"https:\/\/europaskolos.lt\/index.php\/2024\/10\/01\/meta-nesakys-ar-ji-lavina-dirbtini-intelekta-ismaniuju-akiniu-nuotraukose\/","title":{"rendered":"\u201eMeta\u201c nesakys, ar ji lavina dirbtin\u012f intelekt\u0105 i\u0161mani\u0173j\u0173 akini\u0173 nuotraukose"},"content":{"rendered":"<p> <br \/>\n<\/p>\n<div>\n<p id=\"speakable-summary\" class=\"wp-block-paragraph\">\u201eMeta\u201c dirbtiniu intelektu varomi \u201eRay-Bans\u201c turi diskreti\u0161k\u0105 kamer\u0105 priekyje, kad b\u016bt\u0173 galima fotografuoti ne tik tada, kai to pra\u0161ote, bet ir tada, kai j\u0173 AI funkcijos tai suaktyvina tam tikrais raktiniais \u017eod\u017eiais, pvz., \u201epa\u017ei\u016br\u0117k\u201c. Tai rei\u0161kia, kad i\u0161manieji akiniai surenka daugyb\u0119 nuotrauk\u0173, tiek s\u0105moningai, tiek kitaip. Ta\u010diau bendrov\u0117 ne\u012fsipareigs i\u0161laikyti \u0161i\u0173 vaizd\u0173 priva\u010di\u0173.<\/p>\n<p class=\"wp-block-paragraph\">Paklaus\u0117me \u201eMeta\u201c, ar ji planuoja mokyti dirbtinio intelekto modelius pagal \u201eRay-Ban Meta\u201c vartotoj\u0173 vaizdus, \u200b\u200b\u200b\u200bkaip tai daroma su vaizdais i\u0161 vie\u0161osios socialin\u0117s \u017einiasklaidos paskyr\u0173. Bendrov\u0117 nesakys.<\/p>\n<p class=\"wp-block-paragraph\">\u201eMes apie tai vie\u0161ai nediskutuojame\u201c, \u2013 pirmadien\u012f vaizdo interviu \u201eTechCrunch\u201c sak\u0117 Anuj Kumar, vyresnysis direktorius, dirbantis su AI ne\u0161iojamaisiais \u201eMeta\u201c.<\/p>\n<p class=\"wp-block-paragraph\">\u201eTai n\u0117ra ka\u017ekas, kuo mes paprastai dalijam\u0117s i\u0161or\u0117je\u201c, \u2013 sak\u0117 \u201eMeta\u201c atstov\u0117 Mimi Huggins, kuri taip pat dalyvavo vaizdo skambutyje. Kai \u201eTechCrunch\u201c papra\u0161\u0117 paai\u0161kinimo, ar \u201eMeta\u201c treniruojasi su \u0161iais vaizdais, Hugginsas atsak\u0117: \u201eMes nesakome, kad taip b\u016bt\u0173\u201c.<\/p>\n<p class=\"wp-block-paragraph\">I\u0161 dalies tai ypa\u010d susir\u016bpinim\u0105 kelia naujoji \u201eRay-Ban Meta\u201c AI funkcija, kuri padarys daug \u0161i\u0173 pasyvi\u0173 nuotrauk\u0173. Pra\u0117jusi\u0105 savait\u0119 \u201eTechCrunch\u201c prane\u0161\u0117, kad \u201eMeta\u201c planuoja paleisti nauj\u0105 \u201eRay-Ban Meta\u201c vaizdo \u012fra\u0161\u0173 funkcij\u0105 realiuoju laiku. Suaktyvinus tam tikrus raktinius \u017eod\u017eius, i\u0161manieji akiniai perduos vaizd\u0173 serij\u0105 (i\u0161 esm\u0117s tiesiogin\u012f vaizdo \u012fra\u0161\u0105) \u012f multimodalin\u012f AI model\u012f, leisdami jam atsakyti \u012f klausimus apie j\u016bs\u0173 aplink\u0105 nat\u016braliu b\u016bdu.<\/p>\n<p class=\"wp-block-paragraph\">Tai daug vaizd\u0173, ir tai nuotraukos, kurias Ray-Ban Meta vartotojas gali s\u0105moningai ne\u017einoti, kad daro. Tarkime, kad papra\u0161\u0117te i\u0161mani\u0173j\u0173 akini\u0173 nuskaityti j\u016bs\u0173 spintos turin\u012f, kad b\u016bt\u0173 lengviau i\u0161sirinkti aprang\u0105. Akiniai efektyviai nufotografuoja daugyb\u0119 j\u016bs\u0173 kambario ir visko, kas jame, nuotrauk\u0173 ir \u012fkelia jas visas \u012f AI model\u012f debesyje.<\/p>\n<p class=\"wp-block-paragraph\">Kas bus su tomis nuotraukomis po to? Meta nesakys.<\/p>\n<p class=\"wp-block-paragraph\">\u201eRay-Ban Meta\u201c akini\u0173 ne\u0161iojimas taip pat rei\u0161kia, kad ant veido ne\u0161iojate fotoaparat\u0105. Kaip su\u017einojome naudodami \u201eGoogle Glass\u201c, kitiems \u017emon\u0117ms tai n\u0117ra visuotinai patogu, \u0161velniai tariant. Taigi j\u016bs manote, kad tai daran\u010diai \u012fmonei ner\u016bpi pasakyti: \u201eEi! Visos j\u016bs\u0173 nuotraukos ir vaizdo \u012fra\u0161ai i\u0161 veido kamer\u0173 bus visi\u0161kai privat\u016bs ir prijungti prie j\u016bs\u0173 veido kameros.<\/p>\n<p class=\"wp-block-paragraph\">Bet Meta \u010dia ne tuo u\u017esiima.<\/p>\n<p class=\"wp-block-paragraph\">\u201eMeta\u201c jau paskelb\u0117, kad treniruoja savo AI modelius kiekvieno amerikie\u010dio vie\u0161uose \u201eInstagram\u201c ir \u201eFacebook\u201c \u012fra\u0161uose. Bendrov\u0117 nusprend\u0117, kad visa tai yra \u201evie\u0161ai prieinami duomenys\u201c, ir mums gali tekti su tuo susitaikyti. Ji ir kitos technologij\u0173 \u012fmon\u0117s pri\u0117m\u0117 labai plat\u0173 apibr\u0117\u017eim\u0105, kas yra vie\u0161ai prieinama DI mokymui, o kas ne.<\/p>\n<p class=\"wp-block-paragraph\">Ta\u010diau pasaulis, \u012f kur\u012f \u017ei\u016brite pro i\u0161maniuosius akinius, tikrai n\u0117ra \u201evie\u0161ai prieinamas\u201c. Nors negalime tvirtai pasakyti, kad \u201eMeta\u201c treniruoja dirbtinio intelekto modelius j\u016bs\u0173 \u201eRay-Ban Meta\u201c kameros filmuotoje med\u017eiagoje, bendrov\u0117 tiesiog nepasakyt\u0173, kad taip n\u0117ra.<\/p>\n<p class=\"wp-block-paragraph\">Kiti AI modeli\u0173 teik\u0117jai turi ai\u0161kesnes taisykles, susijusias su naudotoj\u0173 duomen\u0173 mokymu. Anthropic teigia, kad niekada nesimoko pagal kliento \u012fvestis \u012f vien\u0105 i\u0161 j\u0173 AI modeli\u0173 ar i\u0161vesties i\u0161 jo. \u201eOpenAI\u201c taip pat teigia, kad niekada nesimoko pagal vartotojo \u012fvest\u012f ar i\u0161vest\u012f per savo API.<\/p>\n<p class=\"wp-block-paragraph\">Susisiek\u0117me su Meta, kad gautume daugiau paai\u0161kinim\u0173, ir atnaujinsime istorij\u0105, jei ji su mumis susisieks.<\/p>\n<\/div>\n<p><br \/>\n<br \/><a href=\"https:\/\/techcrunch.com\/2024\/09\/30\/meta-wont-say-whether-it-trains-ai-on-ray-ban-meta-smart-glasses-photos\/\">Source link <\/a><\/p>\n","protected":false},"excerpt":{"rendered":"<p>\u201eMeta\u201c dirbtiniu intelektu varomi \u201eRay-Bans\u201c turi diskreti\u0161k\u0105 kamer\u0105 priekyje, kad b\u016bt\u0173 galima fotografuoti ne tik tada, kai to pra\u0161ote, bet ir tada, kai j\u0173 AI funkcijos tai suaktyvina tam tikrais raktiniais \u017eod\u017eiais, pvz., \u201epa\u017ei\u016br\u0117k\u201c. Tai rei\u0161kia, kad i\u0161manieji akiniai surenka daugyb\u0119 nuotrauk\u0173, tiek s\u0105moningai, tiek kitaip. Ta\u010diau bendrov\u0117 ne\u012fsipareigs i\u0161laikyti \u0161i\u0173 vaizd\u0173 priva\u010di\u0173. Paklaus\u0117me \u201eMeta\u201c, [&hellip;]<\/p>\n","protected":false},"author":1,"featured_media":645,"comment_status":"open","ping_status":"open","sticky":false,"template":"","format":"standard","meta":{"om_disable_all_campaigns":false,"_monsterinsights_skip_tracking":false,"_monsterinsights_sitenote_active":false,"_monsterinsights_sitenote_note":"","_monsterinsights_sitenote_category":0,"footnotes":""},"categories":[5],"tags":[729,726,727,728,725,34,724,730],"class_list":["post-644","post","type-post","status-publish","format-standard","has-post-thumbnail","hentry","category-technologijos-programine-iranga-prietaisai","tag-akiniu","tag-dirbtini","tag-intelekta","tag-ismaniuju","tag-lavina","tag-meta","tag-nesakys","tag-nuotraukose"],"aioseo_notices":[],"_links":{"self":[{"href":"https:\/\/europaskolos.lt\/index.php\/wp-json\/wp\/v2\/posts\/644","targetHints":{"allow":["GET"]}}],"collection":[{"href":"https:\/\/europaskolos.lt\/index.php\/wp-json\/wp\/v2\/posts"}],"about":[{"href":"https:\/\/europaskolos.lt\/index.php\/wp-json\/wp\/v2\/types\/post"}],"author":[{"embeddable":true,"href":"https:\/\/europaskolos.lt\/index.php\/wp-json\/wp\/v2\/users\/1"}],"replies":[{"embeddable":true,"href":"https:\/\/europaskolos.lt\/index.php\/wp-json\/wp\/v2\/comments?post=644"}],"version-history":[{"count":0,"href":"https:\/\/europaskolos.lt\/index.php\/wp-json\/wp\/v2\/posts\/644\/revisions"}],"wp:featuredmedia":[{"embeddable":true,"href":"https:\/\/europaskolos.lt\/index.php\/wp-json\/wp\/v2\/media\/645"}],"wp:attachment":[{"href":"https:\/\/europaskolos.lt\/index.php\/wp-json\/wp\/v2\/media?parent=644"}],"wp:term":[{"taxonomy":"category","embeddable":true,"href":"https:\/\/europaskolos.lt\/index.php\/wp-json\/wp\/v2\/categories?post=644"},{"taxonomy":"post_tag","embeddable":true,"href":"https:\/\/europaskolos.lt\/index.php\/wp-json\/wp\/v2\/tags?post=644"}],"curies":[{"name":"wp","href":"https:\/\/api.w.org\/{rel}","templated":true}]}}