{"id":731,"date":"2024-10-10T14:19:55","date_gmt":"2024-10-10T14:19:55","guid":{"rendered":"https:\/\/europaskolos.lt\/index.php\/2024\/10\/10\/jazzu-prisimine-susidurima-su-pavojinga-gentimi-mus-uzdare-ziurejo-smerkianciai\/"},"modified":"2024-10-10T14:19:55","modified_gmt":"2024-10-10T14:19:55","slug":"jazzu-prisimine-susidurima-su-pavojinga-gentimi-mus-uzdare-ziurejo-smerkianciai","status":"publish","type":"post","link":"https:\/\/europaskolos.lt\/index.php\/2024\/10\/10\/jazzu-prisimine-susidurima-su-pavojinga-gentimi-mus-uzdare-ziurejo-smerkianciai\/","title":{"rendered":"Jazzu prisimin\u0117 susid\u016brim\u0105 su pavojinga gentimi: mus u\u017edar\u0117, \u017ei\u016br\u0117jo smerkian\u010diai"},"content":{"rendered":"<p> <br \/>\n<\/p>\n<div>\n<blockquote>\n<p>\u201eKai tu \u012feidin\u0117jai \u012f studij\u0105, a\u0161 tur\u0117jau du klausimus \u2013 kaip tu jautiesi po vakaryk\u0161t\u0117s netekties ir laidotuvi\u0173\u201c, \u2013 LRT TELEVIZIJOS laidoje \u201eVakare su Audrium Gir\u017eadu\u201c atlik\u0117jos Just\u0117s Arlauskait\u0117s-Jazzu klaus laidos ved\u0117jas.<\/p>\n<\/blockquote>\n<p>\u017dinomai moteriai pasidalinus jautria istorija, Audrius Gir\u017eadas kalb\u0117s toliau: \u201eTu esi artist\u0117, kuri i\u0161\u0161aukia liet\u0173.\u201c Jis prisimins, kad per Jazzu koncertus visuomet prasideda did\u017eiausios audros.<\/p>\n<blockquote>\n<p>\u201eMan\u0119s vien\u0105 kart\u0105 vos nenutrenk\u0117 elektra. Tada visi muzikantai pab\u0117go, jau scena prakti\u0161kai griuvo, o a\u0161 atsisuku ir matau savo pianist\u0105 \u2013 mes kartu iki pat galo dainavome. Bet a\u0161 stov\u0117jau basomis kojomis ant laid\u0173, tai gal\u0117jo baigtis labai blogai\u201c, \u2013 pasakos J. Arlauskait\u0117-Jazzu.<\/p>\n<\/blockquote>\n<p>Be to, garsi atlik\u0117ja pasidalins ir dar viena \u0161iurp\u0105 kelian\u010dia istorija, kai drauge su savo vyru Donatu lank\u0117si Peru: \u201eMes atva\u017eiavome \u012f vien\u0105 \u0161aman\u0173 kaimel\u012f ir jiems pasak\u0117me, kad planuojame plaukti pas vietin\u0119 gent\u012f. Ir mums j\u0173 kaimelio vadas i\u0161 karto sako: \u201eNe! Ne! Ne!\u201c, ir man rodo laikra\u0161t\u012f su vienos moters nuotrauka.<\/p>\n<p>\u017dinoma, mes nieko neklaus\u0117me ir plauk\u0117me, kur buvome suplanav\u0119. Ten \u2013 tokia vieta, kur va\u017eiuoja \u017emon\u0117s i\u0161 viso pasaulio ir tur\u0117t\u0173 b\u016bti eil\u0117s, o staiga mes i\u0161lipame ir esame tik du baltieji \u017emon\u0117s. Mums u\u017edar\u0117 vartelius, vietiniai i\u0161 savo nam\u0173 \u017ei\u016br\u0117jo \u012f mus smerkian\u010diai ir m\u016bs\u0173 nei\u0161leido.\u201d<\/p>\n<p>Kaip J. Arlauskait\u0117-Jazzu su savo mylimuoju i\u0161ne\u0161\u0117 sveik\u0105 kail\u012f i\u0161 vienos pavojingiausi\u0173 gen\u010di\u0173, kurioje vos prie\u0161 savait\u0119 buvo \u012fvykdytas Lin\u010do teismas? Vis\u0105 tai ir dar daugiau garsi moteris laidoje \u201eVakare su Audrium Gir\u017eadu\u201d papasakos jau \u0161iandien. Laid\u0105 nuo 21.30 val. bus galima \u017ei\u016br\u0117ti per LRT TELEVIZIJ\u0104 ir portale LRT.lt.<\/p>\n<div class=\"g g-43\">\n<div class=\"g-single a-213\"><\/div>\n<\/div>\n<\/div>\n<p><script>(function(d, s, id) {\nvar js, fjs = d.getElementsByTagName(s)(0);\nif (d.getElementById(id)) return;\njs = d.createElement(s); js.id = id;\njs.src = \"\/\/connect.facebook.net\/lt_LT\/sdk.js#xfbml=1&version=v2.10\";\nfjs.parentNode.insertBefore(js, fjs);\n}(document, 'script', 'facebook-jssdk'));<\/script><br \/>\n<br \/><br \/>\n<br \/><a href=\"https:\/\/miestonaujienos.lt\/jazzu-prisimine-susidurima-su-pavojinga-gentimi-mus-uzdare-ziurejo-smerkianciai\/\">Source link <\/a><\/p>\n","protected":false},"excerpt":{"rendered":"<p>\u201eKai tu \u012feidin\u0117jai \u012f studij\u0105, a\u0161 tur\u0117jau du klausimus \u2013 kaip tu jautiesi po vakaryk\u0161t\u0117s netekties ir laidotuvi\u0173\u201c, \u2013 LRT TELEVIZIJOS laidoje \u201eVakare su Audrium Gir\u017eadu\u201c atlik\u0117jos Just\u0117s Arlauskait\u0117s-Jazzu klaus laidos ved\u0117jas. \u017dinomai moteriai pasidalinus jautria istorija, Audrius Gir\u017eadas kalb\u0117s toliau: \u201eTu esi artist\u0117, kuri i\u0161\u0161aukia liet\u0173.\u201c Jis prisimins, kad per Jazzu koncertus visuomet prasideda [&hellip;]<\/p>\n","protected":false},"author":1,"featured_media":732,"comment_status":"open","ping_status":"open","sticky":false,"template":"","format":"standard","meta":{"om_disable_all_campaigns":false,"_monsterinsights_skip_tracking":false,"_monsterinsights_sitenote_active":false,"_monsterinsights_sitenote_note":"","_monsterinsights_sitenote_category":0,"footnotes":""},"categories":[861],"tags":[972,968,973,971,969,976,970,974,975],"class_list":["post-731","post","type-post","status-publish","format-standard","has-post-thumbnail","hentry","category-salies-naujienos","tag-gentimi","tag-jazzu","tag-mus","tag-pavojinga","tag-prisimine","tag-smerkianciai","tag-susidurima","tag-uzdare","tag-ziurejo"],"aioseo_notices":[],"_links":{"self":[{"href":"https:\/\/europaskolos.lt\/index.php\/wp-json\/wp\/v2\/posts\/731","targetHints":{"allow":["GET"]}}],"collection":[{"href":"https:\/\/europaskolos.lt\/index.php\/wp-json\/wp\/v2\/posts"}],"about":[{"href":"https:\/\/europaskolos.lt\/index.php\/wp-json\/wp\/v2\/types\/post"}],"author":[{"embeddable":true,"href":"https:\/\/europaskolos.lt\/index.php\/wp-json\/wp\/v2\/users\/1"}],"replies":[{"embeddable":true,"href":"https:\/\/europaskolos.lt\/index.php\/wp-json\/wp\/v2\/comments?post=731"}],"version-history":[{"count":0,"href":"https:\/\/europaskolos.lt\/index.php\/wp-json\/wp\/v2\/posts\/731\/revisions"}],"wp:featuredmedia":[{"embeddable":true,"href":"https:\/\/europaskolos.lt\/index.php\/wp-json\/wp\/v2\/media\/732"}],"wp:attachment":[{"href":"https:\/\/europaskolos.lt\/index.php\/wp-json\/wp\/v2\/media?parent=731"}],"wp:term":[{"taxonomy":"category","embeddable":true,"href":"https:\/\/europaskolos.lt\/index.php\/wp-json\/wp\/v2\/categories?post=731"},{"taxonomy":"post_tag","embeddable":true,"href":"https:\/\/europaskolos.lt\/index.php\/wp-json\/wp\/v2\/tags?post=731"}],"curies":[{"name":"wp","href":"https:\/\/api.w.org\/{rel}","templated":true}]}}