{"id":792,"date":"2024-10-15T14:31:10","date_gmt":"2024-10-15T14:31:10","guid":{"rendered":"https:\/\/europaskolos.lt\/index.php\/2024\/10\/15\/isrinktos-2026-2027-ir-2028-metu-lietuvos-kulturos-sostines\/"},"modified":"2024-10-15T14:31:10","modified_gmt":"2024-10-15T14:31:10","slug":"isrinktos-2026-2027-ir-2028-metu-lietuvos-kulturos-sostines","status":"publish","type":"post","link":"https:\/\/europaskolos.lt\/index.php\/2024\/10\/15\/isrinktos-2026-2027-ir-2028-metu-lietuvos-kulturos-sostines\/","title":{"rendered":"I\u0161rinktos 2026, 2027 ir 2028 met\u0173 Lietuvos kult\u016bros sostin\u0117s"},"content":{"rendered":"<p> <br \/>\n<\/p>\n<p><\/p>\n<p>2026 metais Lietuvos kult\u016bros sostine taps K\u0117dainiai, 2027 metais \u2013 Pasvalys, o 2028-aisiais \u2013 Zarasai.<\/p>\n<p>Toks eili\u0161kumas patvirtintas kult\u016bros ministro Simono Kairio \u012fsakymu. Konkursui pateiktas parai\u0161kas svarst\u0117 ir pasi\u016blymus ministrui teik\u0117 ekspert\u0173 komisija, kuriai \u012f Lietuvos kult\u016bros sostines pretenduojan\u010di\u0173 miest\u0173 atstovai savo programas pristat\u0117 atvyk\u0119 \u012f Kult\u016bros ministerij\u0105.<\/p>\n<blockquote>\n<p>\u201eVis\u0173 pirma, pagirtinas konkurse dalyvavusi\u0173 komand\u0173 i\u0161 septyni\u0173 \u0161alies savivaldybi\u0173 ry\u017etas ir pasirengimas: sutelktos kult\u016bros bendruomen\u0117s pastangos, matomas \u012fvairiapusis bendradarbiavimas su nevyriausybin\u0117mis organizacijomis, pasitelkiami vietos k\u016br\u0117jai, juntama dr\u0105sa \u012fvardyti i\u0161\u0161\u016bkius ir supratimas, kaip k\u016brybi\u0161kai juos spr\u0119sti.<\/p>\n<p>Taip pat labai svarbus ir nuoseklus vietos vald\u017eios d\u0117mesys kult\u016brai ir menui, vietos k\u016br\u0117jams ir kult\u016bros bendruomenei. D\u017eiugu, kad b\u016bsimosiose Lietuvos kult\u016bros sostin\u0117se darniai vystomos skirtingos kult\u016bros ir meno formos, atrandamos ir gaivinamos senosios tradicijos, puosel\u0117jami istorin\u0117s atminties \u017eenklai.<\/p>\n<p>Tikim\u0117s, kad projektai bus s\u0117kmingai i\u0161pl\u0117toti, \u012fgalins vietos bendruomeni\u0173 k\u016brybi\u0161kum\u0105, skatins kult\u016brin\u012f turizm\u0105, \u012ftrauks skirtingo am\u017eiaus, pom\u0117gi\u0173 ar socialini\u0173 grupi\u0173 \u017emones bei kurs ilgalaikes partnerystes. Nuo\u0161ird\u017eiai d\u0117koju visoms savivaldyb\u0117ms, dalyvavusioms konkurse\u201c, \u2013 sako kult\u016bros ministras Simonas Kairys.<\/p>\n<\/blockquote>\n<p>2026 met\u0173 Lietuvos kult\u016bros sostin\u0117 K\u0117dainiai projektu \u201eK\u0117daini\u0173 kronikos kult\u016bros \u017eenkluose\u201c pakvies \u012f Vidurio Lietuvos istorin\u012f Radvil\u0173 miest\u0105, kur nuo seno sugyveno \u012fvairios tautos, vyko amat\u0173, mokslo, kult\u016bros mainai. Miesto istorija, persipynusi su skirtingomis konfesijomis, nul\u0117m\u0117 daugiakult\u016brio miesto identitet\u0105 ir unikal\u0173 kult\u016brin\u012f tapatum\u0105.<\/p>\n<p>2026 metais duris atvers rekonstruotas K\u0117daini\u0173 kult\u016bros centro pastatas, o K\u0117daini\u0173 evangelik\u0173 reformat\u0173 ba\u017eny\u010dioje \u2013 nauja vargon\u0173 muzikos sal\u0117. K\u0117dainie\u010diai, ra\u0161ydami naujus kronikos puslapius, kurs atvir\u0105 miest\u0105 su k\u016brybi\u0161kai aktyvia ir \u012fgalinta bendruomene, taip pat ry\u0161\u012f tarp praeities, dabarties ir ateities, taip \u012fprasmindami kronikose u\u017ekoduot\u0105 Prad\u017eios, Eigasties ir Augties \u017eenklus.<\/p>\n<p>Projekt\u0105 \u201eKult\u016brin\u0117s dimensijos\u201c pristatanti 2027 met\u0173 Lietuvos kult\u016bros sostin\u0117 Pasvalys siekia pateikti miest\u0105 ir rajon\u0105 kaip vien\u0105 i\u0161 \u0160iaur\u0117s Lietuvos kult\u016brini\u0173 centr\u0173 su savita gamta, tradicijomis, kalba ir papro\u010diais ir parodyti miest\u0105 kaip darn\u0173, viening\u0105, aktyv\u0173, draugi\u0161k\u0105 ir atvir\u0105 inovacijoms, naujoms kult\u016brin\u0117ms partneryst\u0117ms.<\/p>\n<p>Akcentuojami \u0161ie Pasvalio i\u0161skirtinumai: vieta, gamtiniai objektai, \u017emon\u0117s, tradicijos, tarm\u0117. Lietuvos kult\u016bros sostin\u0117s Pasvalio programos menin\u0117 vizija \u2013 eiti i\u0161 gelmi\u0173 \u012f k\u016brybines auk\u0161tumas: nuo prasmegusios \u017eem\u0117s, nuo \u201ekaln\u0173 \u012f vid\u0173\u201c (cituojant kra\u0161tiet\u012f poet\u0105 Vlad\u0105 Brazi\u016bn\u0105), vis klajojant, keliaujant kaip kito i\u0161 \u0161io kra\u0161to kilusio poeto Bernardo Brazd\u017eionio \u201eper pasaul\u012f keliaujantis \u017emogus\u201c.<\/p>\n<p>Pirmoji Lietuvos kult\u016bros sostin\u0117 Zarasai \u0161\u012f titul\u0105 susigr\u0105\u017eina po dviej\u0173 de\u0161imtme\u010di\u0173. Projektu \u201eKult\u016bros bangos: potvyni\u0173 ir atosl\u016bgi\u0173 s\u016bkuryje 20 met\u0173\u201c miestas siekia \u012fkv\u0117pti k\u016brybai vietos bendruomenes, k\u016br\u0117jus ir kult\u016bros profesionalus ne tik Utenos regione, bet ir visoje Lietuvoje, taip pat sutelkti Lietuvos kult\u016bros sostini\u0173 bendruomen\u0119. Kult\u016briniu Lietuvos kurortu siekian\u010di\u0173 tapti Zaras\u0173 program\u0105 sudaro a\u0161tuonios temin\u0117s kryptys: \u201eKlasikos banga\u201c, \u201eGalerij\u0173 banga\u201c, \u201eK\u016brybi\u0161kumo banga\u201c, \u201eMen\u0173 banga\u201c, \u201eTalent\u0173 banga\u201c, \u201eKino banga\u201c, \u201eFestivali\u0173 banga\u201c ir \u201eMugi\u0173 banga\u201c.<\/p>\n<p>Kiekvienos savivaldyb\u0117s pasirengimui ir programoms \u012fgyvendinti Kult\u016bros ministerija skirs iki 150 t\u016bkst. eur\u0173.<\/p>\n<p>Konkurso komisijos vertinimo rezultatai.<\/p>\n<p>\u0160i\u0173 met\u0173 Lietuvos kult\u016bros sostin\u0117 \u2013 Kai\u0161iadorys, kit\u0105met \u0161\u012f titul\u0105 perims Druskininkai.<\/p>\n<p>Projekto \u201eLietuvos kult\u016bros sostin\u0117\u201c tikslas \u2013 skatinti region\u0173 gyventoj\u0173 kult\u016brin\u012f aktyvum\u0105 ir k\u016brybingum\u0105, pl\u0117toti kult\u016br\u0105 ir men\u0105, k\u016brybines iniciatyvas bei kult\u016bros prieinamum\u0105.<\/p>\n<p>\u0160ia publikacija dalinasi Lietuvos region\u0173 naujien\u0173 portalas \u201eMiesto naujienos\u201c. Daugiau sau ir savo miestui aktuali\u0173 naujien\u0173 rasite portale Miesto naujienos.<\/p>\n<p><br \/>\n<br \/><a href=\"https:\/\/miestonaujienos.lt\/isrinktos-2026-2027-ir-2028-metu-lietuvos-kulturos-sostines\/\">Source link <\/a><\/p>\n","protected":false},"excerpt":{"rendered":"<p>2026 metais Lietuvos kult\u016bros sostine taps K\u0117dainiai, 2027 metais \u2013 Pasvalys, o 2028-aisiais \u2013 Zarasai. Toks eili\u0161kumas patvirtintas kult\u016bros ministro Simono Kairio \u012fsakymu. Konkursui pateiktas parai\u0161kas svarst\u0117 ir pasi\u016blymus ministrui teik\u0117 ekspert\u0173 komisija, kuriai \u012f Lietuvos kult\u016bros sostines pretenduojan\u010di\u0173 miest\u0173 atstovai savo programas pristat\u0117 atvyk\u0119 \u012f Kult\u016bros ministerij\u0105. \u201eVis\u0173 pirma, pagirtinas konkurse dalyvavusi\u0173 komand\u0173 i\u0161 [&hellip;]<\/p>\n","protected":false},"author":1,"featured_media":793,"comment_status":"open","ping_status":"open","sticky":false,"template":"","format":"standard","meta":{"om_disable_all_campaigns":false,"_monsterinsights_skip_tracking":false,"_monsterinsights_sitenote_active":false,"_monsterinsights_sitenote_note":"","_monsterinsights_sitenote_category":0,"footnotes":""},"categories":[861],"tags":[1126,1071,898,344,78],"class_list":["post-792","post","type-post","status-publish","format-standard","has-post-thumbnail","hentry","category-salies-naujienos","tag-isrinktos","tag-kulturos","tag-lietuvos","tag-metu","tag-sostines"],"aioseo_notices":[],"_links":{"self":[{"href":"https:\/\/europaskolos.lt\/index.php\/wp-json\/wp\/v2\/posts\/792","targetHints":{"allow":["GET"]}}],"collection":[{"href":"https:\/\/europaskolos.lt\/index.php\/wp-json\/wp\/v2\/posts"}],"about":[{"href":"https:\/\/europaskolos.lt\/index.php\/wp-json\/wp\/v2\/types\/post"}],"author":[{"embeddable":true,"href":"https:\/\/europaskolos.lt\/index.php\/wp-json\/wp\/v2\/users\/1"}],"replies":[{"embeddable":true,"href":"https:\/\/europaskolos.lt\/index.php\/wp-json\/wp\/v2\/comments?post=792"}],"version-history":[{"count":0,"href":"https:\/\/europaskolos.lt\/index.php\/wp-json\/wp\/v2\/posts\/792\/revisions"}],"wp:featuredmedia":[{"embeddable":true,"href":"https:\/\/europaskolos.lt\/index.php\/wp-json\/wp\/v2\/media\/793"}],"wp:attachment":[{"href":"https:\/\/europaskolos.lt\/index.php\/wp-json\/wp\/v2\/media?parent=792"}],"wp:term":[{"taxonomy":"category","embeddable":true,"href":"https:\/\/europaskolos.lt\/index.php\/wp-json\/wp\/v2\/categories?post=792"},{"taxonomy":"post_tag","embeddable":true,"href":"https:\/\/europaskolos.lt\/index.php\/wp-json\/wp\/v2\/tags?post=792"}],"curies":[{"name":"wp","href":"https:\/\/api.w.org\/{rel}","templated":true}]}}